{"id":1219,"date":"2024-10-10T15:44:35","date_gmt":"2024-10-10T15:44:35","guid":{"rendered":"https:\/\/www.logotherapie-bodensee.ch\/?p=1219"},"modified":"2025-07-01T18:53:18","modified_gmt":"2025-07-01T18:53:18","slug":"26-09-2024-teilname-am-jubilaeums-festakt-anlaesslich-20-jahre-viktor-frankl-zentrum-wien-zugunsten-der-schuelerinnen-workshops-leben-voll-sinn","status":"publish","type":"post","link":"https:\/\/www.logotherapie-bodensee.ch\/?p=1219","title":{"rendered":"26.09.2024: Teilname am Jubil\u00e4ums-Festakt anl\u00e4sslich 20 Jahre VIKTOR FRANKL ZENTRUM WIEN"},"content":{"rendered":"\n<p><strong>Datum<\/strong>: Donnerstag, den 26. September 2024<\/p>\n\n\n\n<p><strong>Uhrzeit<\/strong>: 18.30 \u2013 20.00<\/p>\n\n\n\n<p class=\"has-medium-font-size\"><\/p>\n\n\n\n<p>Zugunsten der Sch\u00fcler:innen-Workshops \u201eLebe(n) voller Sinne&#8221;, die 2004<strong> <\/strong>mit der Intention gegr\u00fcndet wurde, die Sinn-Lehre Viktor E. Frankls <em>allen<\/em> Menschen zug\u00e4nglich zu machen. Dieser Funke war der Beginn, um eine grossartige Vision zu verwirklichen.<\/p>\n\n\n\n<p>Seit 20 Jahren steht nun das Zentrum in der Wiener Mariannengasse 1, an jenem Ort, wo Frankl selbst mehr als 50 Jahre lebte und wirkte, die mutmachende Botschaft: \u201e<em>Jede Person ist Mit-Gestalterin ihres Lebens und der Welt<\/em>\u201c im Zentrum Wien, die dritte Wiener Schule der Psychotherapie.<\/p>\n\n\n\n<p>Die Jubil\u00e4umsveranstaltung fand im Wiener Gartenbaukino statt. Der \u00d6ffentlichkeitsarbeiter vom Zentrum Mag. Gerhard Breitwieser hatte f\u00fcr uns freundlicher Weise zwei Ehrenkarten reserviert, herzlichen Dank. Zu unserem Erstaunen waren \u00fcber 700 Mitglieder erschienen und dieser Anlass wurde vom ORF &#8211; Fernsehen \u00fcbertragen. F\u00fcr uns beeindruckte auch die emotionale \u00dcbergabe von dem Museums &#8211; Gr\u00fcndungsteam zur j\u00fcngeren Generation. Mit einem grossz\u00fcgigen Appero wurde dort anschliessend noch l\u00e4nger gefeiert.<\/p>\n\n\n\n<p><strong>Gedanken von Viktor E. Frankl.<\/strong><\/p>\n\n\n\n<p>&#8220;Alles, was sich verwirklicht, verewigt sich.&#8221;  &#8220;Werte k\u00f6nnen wir nicht lehren &#8211; Werte m\u00fcssen wir leben.&#8221;      &#8220;So, wie ein Mensch ist, handelt er. So wie er handelt, wird er.&#8221;  &#8220;Erst der Mut zu sich selbst wird den Menschen seine Angst \u00fcberwinden lassen.&#8221;  &#8220;Ich muss mir von mir selbst nicht alles gefallen lassen.&#8221;<\/p>\n\n\n\n<p class=\"has-medium-font-size\"><strong>Viktor Frankl Museum<\/strong><\/p>\n\n\n\n<p>2015 hat ein kleines Team von Mitarbeiter:innen neben dem Zentrum das Viktor Frankl Museum dieses auf gestalterisch dem h\u00f6chsten Stand der heutigen Technik eingerichtet. Im Anfang war der Sinn &#8230;Von der Idee zum heutigen, lebendigen Zentrum f\u00fcr Sinn- und Existenzfragen f\u00fcr Jung und Alt ge\u00f6ffnet.<br><br>Am Freitag den 27.09.2024 wurden wir von der neuen Leiterin Annemarie Moser, BSc in dieses \u201cWunderwerk im Geiste von Viktor Frankl eingef\u00fchrt. Nach gut vier Stunden Staunen, den Franklschen Geist inhalierend, verabschiedeten wir uns, in der \u00dcberzeugung, das es f\u00fcr jeden nach Sinn suchendem Menschen ein \u201cMuss\u201d ist, auch einmal dieses besondere Museum zu besuchen.<br><br>Das Wissen darum ist Notwendendig: damals wie heute und sicher auch in Zukunft f\u00fcr die Sch\u00fcler:innen- Workshops \u201cLebe(n)voll Sinn!\u201d mit Johanna Schechner,MSc<br>F\u00fcr das Jubil\u00e4umsfest wurde eine Festschrift angeboten, die auch k\u00e4uflich angeboten wurde.<\/p>\n\n\n\n<p>Die Zentrumsgr\u00fcnder:innen und der Vorstand sowie begeisterte Wegbegleiter:innen haben zu einem ermutigenden Festakt zugunsten der Sch\u00fcler:innen-Workshops eingeladen\u201c. Seit mehr als 15 Jahre nahmen \u00fcber 40000 Sch\u00fcler:innen daran teil. Das Ziel ist, Viktor Frankls \u201cSinn-Lehre gegen die Sinn \u2013 Leere\u201d die eigenen St\u00e4rken bewusst zu machen. <strong>In ihrem Buch<\/strong> in der 5. Auflage 2020 beschreiben Johanna Schechner &amp; Heidemarie Z\u00fcrner ihre spannenden Erkenntnisse zum <strong>Thema:<\/strong> &#8221; Krisen bew\u00e4ltigen&#8221;, Viktor E. Frankls 10 Thesen in der Praxis, Braum\u00fcller Verlag, Wien. I<strong>SBN <\/strong>978-3-99100-110-2<\/p>\n\n\n\n<p>\u201e<em>Alles was sich verwirklicht, verewigt sich.<\/em>\u201c  &#8220;Welche Person will ich sein? Was ist jetzt das Bestm\u00f6gliche f\u00fcr mich und mein Umfeld in dieser konkreten Situation?.&#8221; (Viktor E. Frankl.)<\/p>\n\n\n\n<p><strong> <a href=\"http:\/\/www.franklzentrum.org\">http:\/\/www.franklzentrum.org&nbsp;<\/a><\/strong>     <strong>&nbsp;&nbsp; <a href=\"mailto:office@franklzentrum.org\">mailto:office@franklzentrum.org<\/a><\/strong><\/p>\n\n\n\n<p><\/p>\n","protected":false},"excerpt":{"rendered":"<p>Datum: Donnerstag, den 26. September 2024 Uhrzeit: 18.30 \u2013 20.00 Zugunsten der Sch\u00fcler:innen-Workshops \u201eLebe(n) voller Sinne&#8221;, die 2004 mit der Intention gegr\u00fcndet wurde, die Sinn-Lehre Viktor E. Frankls allen Menschen zug\u00e4nglich zu machen. Dieser Funke war der Beginn, um eine grossartige Vision zu verwirklichen. Seit 20 Jahren steht nun das Zentrum in der Wiener Mariannengasse&hellip;&nbsp;<a href=\"https:\/\/www.logotherapie-bodensee.ch\/?p=1219\" class=\"\" rel=\"bookmark\">Weiterlesen &raquo;<span class=\"screen-reader-text\">26.09.2024: Teilname am Jubil\u00e4ums-Festakt anl\u00e4sslich 20 Jahre VIKTOR FRANKL ZENTRUM WIEN<\/span><\/a><\/p>\n","protected":false},"author":2,"featured_media":0,"comment_status":"closed","ping_status":"open","sticky":false,"template":"","format":"standard","meta":{"neve_meta_sidebar":"","neve_meta_container":"","neve_meta_enable_content_width":"","neve_meta_content_width":0,"neve_meta_title_alignment":"","neve_meta_author_avatar":"","neve_post_elements_order":"","neve_meta_disable_header":"","neve_meta_disable_footer":"","neve_meta_disable_title":"","footnotes":""},"categories":[3],"tags":[],"class_list":["post-1219","post","type-post","status-publish","format-standard","hentry","category-jubilaeumstagungen"],"_links":{"self":[{"href":"https:\/\/www.logotherapie-bodensee.ch\/index.php?rest_route=\/wp\/v2\/posts\/1219","targetHints":{"allow":["GET"]}}],"collection":[{"href":"https:\/\/www.logotherapie-bodensee.ch\/index.php?rest_route=\/wp\/v2\/posts"}],"about":[{"href":"https:\/\/www.logotherapie-bodensee.ch\/index.php?rest_route=\/wp\/v2\/types\/post"}],"author":[{"embeddable":true,"href":"https:\/\/www.logotherapie-bodensee.ch\/index.php?rest_route=\/wp\/v2\/users\/2"}],"replies":[{"embeddable":true,"href":"https:\/\/www.logotherapie-bodensee.ch\/index.php?rest_route=%2Fwp%2Fv2%2Fcomments&post=1219"}],"version-history":[{"count":15,"href":"https:\/\/www.logotherapie-bodensee.ch\/index.php?rest_route=\/wp\/v2\/posts\/1219\/revisions"}],"predecessor-version":[{"id":1451,"href":"https:\/\/www.logotherapie-bodensee.ch\/index.php?rest_route=\/wp\/v2\/posts\/1219\/revisions\/1451"}],"wp:attachment":[{"href":"https:\/\/www.logotherapie-bodensee.ch\/index.php?rest_route=%2Fwp%2Fv2%2Fmedia&parent=1219"}],"wp:term":[{"taxonomy":"category","embeddable":true,"href":"https:\/\/www.logotherapie-bodensee.ch\/index.php?rest_route=%2Fwp%2Fv2%2Fcategories&post=1219"},{"taxonomy":"post_tag","embeddable":true,"href":"https:\/\/www.logotherapie-bodensee.ch\/index.php?rest_route=%2Fwp%2Fv2%2Ftags&post=1219"}],"curies":[{"name":"wp","href":"https:\/\/api.w.org\/{rel}","templated":true}]}}